{"id":1447,"date":"2024-02-20T16:04:13","date_gmt":"2024-02-20T16:04:13","guid":{"rendered":"https:\/\/shutterexpert.nl\/2024\/02\/20\/shutters-in-christmasspirit\/"},"modified":"2025-03-31T20:32:48","modified_gmt":"2025-03-31T20:32:48","slug":"mallorquinas-en-espiritu-navideno","status":"publish","type":"post","link":"https:\/\/shutterexpert.nl\/es\/2024\/02\/20\/mallorquinas-en-espiritu-navideno\/","title":{"rendered":"MALLORQUINAS EN ESP\u00cdRITU NAVIDE\u00d1O"},"content":{"rendered":"\n<h4 class=\"wp-block-heading\">ELEGANCIA FESTIVA<\/h4>\n\n\n\n<p>Estas mallorquinas, con lamas de 76 mm en el impresionante color 9573 stain, aportan calidez, sofisticaci\u00f3n y encanto a cualquier estancia.<\/p>\n\n\n\n<p>Durante la temporada navide\u00f1a, realzan la acogedora elegancia del hogar, creando un ambiente m\u00e1gico y festivo.<br>&#8211; Instaladas en temporada navide\u00f1a \u2013 Un proceso sin complicaciones para nuestros clientes.<br>&#8211; Acabado en madera tintada de lujo \u2013 Perfecto tanto para interiores cl\u00e1sicos como modernos.<\/p>\n\n\n\n<p>\u00bfQuieres a\u00f1adir un toque de elegancia atemporal a tu hogar?<\/p>\n\n\n\n<p>Explora nuestra colecci\u00f3n hoy mismo.<\/p>\n\n\n\n<p><\/p>\n\n\n\n<p><\/p>\n","protected":false},"excerpt":{"rendered":"<p>ELEGANCIA FESTIVA Estas mallorquinas, con lamas de 76 mm en el impresionante color 9573 stain, aportan calidez, sofisticaci\u00f3n y encanto a cualquier estancia. Durante la temporada navide\u00f1a, realzan la acogedora elegancia del hogar, creando un ambiente m\u00e1gico y festivo.&#8211; Instaladas en temporada navide\u00f1a \u2013 Un proceso sin complicaciones para nuestros clientes.&#8211; Acabado en madera tintada [&hellip;]<\/p>\n","protected":false},"author":2,"featured_media":1448,"comment_status":"open","ping_status":"open","sticky":false,"template":"","format":"standard","meta":{"_acf_changed":false,"footnotes":""},"categories":[29],"tags":[],"class_list":["post-1447","post","type-post","status-publish","format-standard","has-post-thumbnail","hentry","category-project-es"],"acf":[],"aioseo_notices":[],"_links":{"self":[{"href":"https:\/\/shutterexpert.nl\/es\/wp-json\/wp\/v2\/posts\/1447","targetHints":{"allow":["GET"]}}],"collection":[{"href":"https:\/\/shutterexpert.nl\/es\/wp-json\/wp\/v2\/posts"}],"about":[{"href":"https:\/\/shutterexpert.nl\/es\/wp-json\/wp\/v2\/types\/post"}],"author":[{"embeddable":true,"href":"https:\/\/shutterexpert.nl\/es\/wp-json\/wp\/v2\/users\/2"}],"replies":[{"embeddable":true,"href":"https:\/\/shutterexpert.nl\/es\/wp-json\/wp\/v2\/comments?post=1447"}],"version-history":[{"count":1,"href":"https:\/\/shutterexpert.nl\/es\/wp-json\/wp\/v2\/posts\/1447\/revisions"}],"predecessor-version":[{"id":1452,"href":"https:\/\/shutterexpert.nl\/es\/wp-json\/wp\/v2\/posts\/1447\/revisions\/1452"}],"wp:featuredmedia":[{"embeddable":true,"href":"https:\/\/shutterexpert.nl\/es\/wp-json\/wp\/v2\/media\/1448"}],"wp:attachment":[{"href":"https:\/\/shutterexpert.nl\/es\/wp-json\/wp\/v2\/media?parent=1447"}],"wp:term":[{"taxonomy":"category","embeddable":true,"href":"https:\/\/shutterexpert.nl\/es\/wp-json\/wp\/v2\/categories?post=1447"},{"taxonomy":"post_tag","embeddable":true,"href":"https:\/\/shutterexpert.nl\/es\/wp-json\/wp\/v2\/tags?post=1447"}],"curies":[{"name":"wp","href":"https:\/\/api.w.org\/{rel}","templated":true}]}}